{"id":6537,"date":"2025-10-23T11:30:28","date_gmt":"2025-10-23T10:30:28","guid":{"rendered":"https:\/\/www.ffct-codep35.org\/?p=6537"},"modified":"2025-11-14T09:04:29","modified_gmt":"2025-11-14T08:04:29","slug":"initiation-a-lergonomie-des-cyclistes-et-preventions-des-blessures","status":"publish","type":"post","link":"https:\/\/www.ffct-codep35.org\/?p=6537","title":{"rendered":"Initiation \u00e0 l\u2019ergonomie des cyclistes et Pr\u00e9ventions des blessures"},"content":{"rendered":"<p style=\"text-align: center;\"><a href=\"https:\/\/asmanager.fr\/inscriptions\/codep35\/?activityid=242\"><img loading=\"lazy\" decoding=\"async\" class=\"alignleft size-medium wp-image-6541\" src=\"https:\/\/www.ffct-codep35.org\/wp-content\/uploads\/2025\/10\/posture-velo-300x227.jpg\" alt=\"\" width=\"300\" height=\"227\" srcset=\"https:\/\/www.ffct-codep35.org\/wp-content\/uploads\/2025\/10\/posture-velo-300x227.jpg 300w, https:\/\/www.ffct-codep35.org\/wp-content\/uploads\/2025\/10\/posture-velo.jpg 600w\" sizes=\"auto, (max-width: 300px) 100vw, 300px\" \/><\/a><span style=\"color: #999999;\">La commission Formation vous propose une soir\u00e9e d\u2019information<\/span><\/p>\n<p style=\"text-align: center;\"><span style=\"color: #999999;\"><strong>Initiation \u00e0 l\u2019ergonomie des cyclistes<\/strong><\/span><\/p>\n<p style=\"text-align: center;\"><span style=\"color: #999999;\"><strong>et<\/strong><\/span><\/p>\n<p style=\"text-align: center;\"><span style=\"color: #999999;\"><strong>Pr\u00e9ventions des blessures<\/strong><\/span><\/p>\n<p style=\"text-align: center;\"><span style=\"color: #999999;\">Elle sera anim\u00e9e par un professionnel de l\u2019ergonomie.<\/span><\/p>\n<p style=\"text-align: center;\"><span style=\"color: #999999;\">Un moment d\u2019\u00e9change suivra la pr\u00e9sentation.<\/span><\/p>\n<p style=\"text-align: center;\"><span style=\"color: #999999;\"><strong>le jeudi 20 novembre 2025<\/strong><\/span><br \/>\n<span style=\"color: #999999;\"><strong>accueil \u00e0 partir de 19 h 30<\/strong><\/span><br \/>\n<span style=\"color: #999999;\"><strong>d\u00e9but \u00e0 20 h 00 pr\u00e9cise<\/strong><\/span><br \/>\n<span style=\"color: #999999;\"><strong>Maison des sports<\/strong><\/span><br \/>\n<span style=\"color: #999999;\"><strong>13b avenue de Cucill\u00e9<\/strong><\/span><\/p>\n<p style=\"text-align: center;\"><span style=\"color: #999999;\">Nous avons besoin de savoir le nombre de participants pour des probl\u00e8mes de logistique.<\/span><\/p>\n<p style=\"text-align: center;\"><a href=\"https:\/\/asmanager.fr\/inscriptions\/codep35\/?activityid=242\"><strong><span style=\"color: #ff0000;\">==&gt; <span style=\"color: #999999;\">Inscription en cliquant sur ce lien<\/span> &lt;==<\/span><\/strong><\/a><\/p>\n<h1 style=\"text-align: center;\"><span style=\"color: #ff0000;\">SOIR\u00c9E REPORT\u00c9E EN RAISON DU FAIBLE NOMBRE DE PARTICIPANTS<\/span><\/h1>\n<p><img loading=\"lazy\" decoding=\"async\" class=\"aligncenter size-medium wp-image-6550\" src=\"https:\/\/www.ffct-codep35.org\/wp-content\/uploads\/2025\/10\/reporte-300x200.jpg\" alt=\"\" width=\"300\" height=\"200\" srcset=\"https:\/\/www.ffct-codep35.org\/wp-content\/uploads\/2025\/10\/reporte-300x200.jpg 300w, https:\/\/www.ffct-codep35.org\/wp-content\/uploads\/2025\/10\/reporte-1024x682.jpg 1024w, https:\/\/www.ffct-codep35.org\/wp-content\/uploads\/2025\/10\/reporte-768x512.jpg 768w, https:\/\/www.ffct-codep35.org\/wp-content\/uploads\/2025\/10\/reporte-1536x1024.jpg 1536w, https:\/\/www.ffct-codep35.org\/wp-content\/uploads\/2025\/10\/reporte.jpg 2000w\" sizes=\"auto, (max-width: 300px) 100vw, 300px\" \/><\/p>\n","protected":false},"excerpt":{"rendered":"<p>La commission Formation vous propose une soir\u00e9e d\u2019information Initiation \u00e0 l\u2019ergonomie des cyclistes et Pr\u00e9ventions des blessures Elle sera anim\u00e9e par un professionnel de l\u2019ergonomie. Un moment d\u2019\u00e9change suivra la pr\u00e9sentation. le jeudi 20 novembre 2025 accueil \u00e0 partir de 19 h 30 d\u00e9but \u00e0 20 h 00 pr\u00e9cise Maison des sports 13b avenue de &hellip; <\/p>\n<p><a class=\"more-link block-button\" href=\"https:\/\/www.ffct-codep35.org\/?p=6537\">Continue reading &raquo;<\/a><\/p>\n","protected":false},"author":1,"featured_media":0,"comment_status":"closed","ping_status":"closed","sticky":false,"template":"","format":"standard","meta":{"ngg_post_thumbnail":0,"footnotes":""},"categories":[30],"tags":[],"class_list":["post-6537","post","type-post","status-publish","format-standard","hentry","category-velo-sante"],"_links":{"self":[{"href":"https:\/\/www.ffct-codep35.org\/index.php?rest_route=\/wp\/v2\/posts\/6537","targetHints":{"allow":["GET"]}}],"collection":[{"href":"https:\/\/www.ffct-codep35.org\/index.php?rest_route=\/wp\/v2\/posts"}],"about":[{"href":"https:\/\/www.ffct-codep35.org\/index.php?rest_route=\/wp\/v2\/types\/post"}],"author":[{"embeddable":true,"href":"https:\/\/www.ffct-codep35.org\/index.php?rest_route=\/wp\/v2\/users\/1"}],"replies":[{"embeddable":true,"href":"https:\/\/www.ffct-codep35.org\/index.php?rest_route=%2Fwp%2Fv2%2Fcomments&post=6537"}],"version-history":[{"count":3,"href":"https:\/\/www.ffct-codep35.org\/index.php?rest_route=\/wp\/v2\/posts\/6537\/revisions"}],"predecessor-version":[{"id":6552,"href":"https:\/\/www.ffct-codep35.org\/index.php?rest_route=\/wp\/v2\/posts\/6537\/revisions\/6552"}],"wp:attachment":[{"href":"https:\/\/www.ffct-codep35.org\/index.php?rest_route=%2Fwp%2Fv2%2Fmedia&parent=6537"}],"wp:term":[{"taxonomy":"category","embeddable":true,"href":"https:\/\/www.ffct-codep35.org\/index.php?rest_route=%2Fwp%2Fv2%2Fcategories&post=6537"},{"taxonomy":"post_tag","embeddable":true,"href":"https:\/\/www.ffct-codep35.org\/index.php?rest_route=%2Fwp%2Fv2%2Ftags&post=6537"}],"curies":[{"name":"wp","href":"https:\/\/api.w.org\/{rel}","templated":true}]}}