{"id":6274,"date":"2025-03-03T10:31:29","date_gmt":"2025-03-03T09:31:29","guid":{"rendered":"https:\/\/www.ffct-codep35.org\/?p=6274"},"modified":"2025-09-11T08:14:34","modified_gmt":"2025-09-11T07:14:34","slug":"stage-vtt-avril-2025","status":"publish","type":"post","link":"https:\/\/www.ffct-codep35.org\/?p=6274","title":{"rendered":"Stage VTT &#8211; avril 2025"},"content":{"rendered":"<p>Le CoDep organise un nouveau <strong>stage VTT du <span data-olk-copy-source=\"MessageBody\">8 au 10 avril aux alentours de Pont-R\u00e9an<\/span><\/strong>.&nbsp;<span data-olk-copy-source=\"MessageBody\">Nous adapterons le lieu exact selon les conditions m\u00e9t\u00e9orologiques et l&rsquo;\u00e9tat des chemins mais nous avons plusieurs communes aux alentours propices \u00e0 des entra\u00eenements de qualit\u00e9 pour les jeunes v\u00e9t\u00e9tistes de <strong>12 \u00e0 17 ans<\/strong>.<\/span><\/p>\n<p><span data-olk-copy-source=\"MessageBody\">Nous privil\u00e9gions dans un premier temps une pr\u00e9sence au stage sur les 3 jours (sans h\u00e9bergement). Nous reviendrons vers vous si des places restent disponibles et nous permettent d&rsquo;ouvrir ce stage \u00e0 la journ\u00e9e.<\/span><\/p>\n<p><strong>Antoine Douard<\/strong> sera pr\u00e9sent comme lors des pr\u00e9c\u00e9dents stages en tant qu&rsquo;<b>\u00e9ducateur responsable<\/b>, pour encadrer et accompagner les jeunes tout au long de ces trois jours, avec l&rsquo;aide comme toujours d&rsquo;encadrants suppl\u00e9mentaires pour garantir un&nbsp;<b>apprentissage de qualit\u00e9 en toute s\u00e9curit\u00e9<\/b>.<\/p>\n<p>Ce stage repr\u00e9sente une belle opportunit\u00e9 pour les jeunes de perfectionner leur technique, d\u00e9couvrir de nouveaux parcours et vivre une exp\u00e9rience enrichissante aux c\u00f4t\u00e9s d\u2019autres jeunes passionn\u00e9s.<\/p>\n<p>Une&nbsp;<strong>participation de 10\u20ac par jeune<\/strong>&nbsp;est demand\u00e9e pour l\u2019ensemble du stage.<\/p>\n<p>Si vous souhaitez inscrire votre enfant ou obtenir plus d\u2019informations, n\u2019h\u00e9sitez pas \u00e0 contacter&nbsp;<strong>Antoine Douard : <a href=\"mailto:antoinedrouard35@gmail.com\"><span style=\"color: #ff0000;\">antoinedrouard35@gmail.com<\/span><\/a> \/ 06 25 63 54 22<\/strong>.<\/p>\n<p><em>\u00ab Au plaisir de partager ces 3 jours enrichissants avec vos jeunes v\u00e9t\u00e9tistes \u00bb<\/em><\/p>\n<p><a href=\"https:\/\/www.ffct-codep35.org\/wp-content\/uploads\/2025\/03\/StageVTT.png\"><img loading=\"lazy\" decoding=\"async\" class=\"aligncenter wp-image-6275 size-full\" src=\"https:\/\/www.ffct-codep35.org\/wp-content\/uploads\/2025\/03\/StageVTT.png\" alt=\"\" width=\"405\" height=\"570\" srcset=\"https:\/\/www.ffct-codep35.org\/wp-content\/uploads\/2025\/03\/StageVTT.png 405w, https:\/\/www.ffct-codep35.org\/wp-content\/uploads\/2025\/03\/StageVTT-213x300.png 213w\" sizes=\"auto, (max-width: 405px) 100vw, 405px\" \/><\/a><\/p>\n","protected":false},"excerpt":{"rendered":"<p>Le CoDep organise un nouveau stage VTT du 8 au 10 avril aux alentours de Pont-R\u00e9an.&nbsp;Nous adapterons le lieu exact selon les conditions m\u00e9t\u00e9orologiques et l&rsquo;\u00e9tat des chemins mais nous avons plusieurs communes aux alentours propices \u00e0 des entra\u00eenements de qualit\u00e9 pour les jeunes v\u00e9t\u00e9tistes de 12 \u00e0 17 ans. Nous privil\u00e9gions dans un premier &hellip; <\/p>\n<p><a class=\"more-link block-button\" href=\"https:\/\/www.ffct-codep35.org\/?p=6274\">Continue reading &raquo;<\/a><\/p>\n","protected":false},"author":1,"featured_media":0,"comment_status":"closed","ping_status":"closed","sticky":false,"template":"","format":"standard","meta":{"ngg_post_thumbnail":0,"footnotes":""},"categories":[32],"tags":[],"class_list":["post-6274","post","type-post","status-publish","format-standard","hentry","category-vtt"],"_links":{"self":[{"href":"https:\/\/www.ffct-codep35.org\/index.php?rest_route=\/wp\/v2\/posts\/6274","targetHints":{"allow":["GET"]}}],"collection":[{"href":"https:\/\/www.ffct-codep35.org\/index.php?rest_route=\/wp\/v2\/posts"}],"about":[{"href":"https:\/\/www.ffct-codep35.org\/index.php?rest_route=\/wp\/v2\/types\/post"}],"author":[{"embeddable":true,"href":"https:\/\/www.ffct-codep35.org\/index.php?rest_route=\/wp\/v2\/users\/1"}],"replies":[{"embeddable":true,"href":"https:\/\/www.ffct-codep35.org\/index.php?rest_route=%2Fwp%2Fv2%2Fcomments&post=6274"}],"version-history":[{"count":3,"href":"https:\/\/www.ffct-codep35.org\/index.php?rest_route=\/wp\/v2\/posts\/6274\/revisions"}],"predecessor-version":[{"id":6299,"href":"https:\/\/www.ffct-codep35.org\/index.php?rest_route=\/wp\/v2\/posts\/6274\/revisions\/6299"}],"wp:attachment":[{"href":"https:\/\/www.ffct-codep35.org\/index.php?rest_route=%2Fwp%2Fv2%2Fmedia&parent=6274"}],"wp:term":[{"taxonomy":"category","embeddable":true,"href":"https:\/\/www.ffct-codep35.org\/index.php?rest_route=%2Fwp%2Fv2%2Fcategories&post=6274"},{"taxonomy":"post_tag","embeddable":true,"href":"https:\/\/www.ffct-codep35.org\/index.php?rest_route=%2Fwp%2Fv2%2Ftags&post=6274"}],"curies":[{"name":"wp","href":"https:\/\/api.w.org\/{rel}","templated":true}]}}