{"id":6234,"date":"2025-02-07T10:25:53","date_gmt":"2025-02-07T09:25:53","guid":{"rendered":"https:\/\/www.ffct-codep35.org\/?p=6234"},"modified":"2025-09-11T08:14:41","modified_gmt":"2025-09-11T07:14:41","slug":"stage-vtt-12-a-17-ans","status":"publish","type":"post","link":"https:\/\/www.ffct-codep35.org\/?p=6234","title":{"rendered":"Stage VTT 12 \u00e0 17 ans"},"content":{"rendered":"<p>La F\u00e9d\u00e9ration Fran\u00e7aise de V\u00e9lo organise un <strong>stage VTT du 18 au 20 f\u00e9vrier \u00e0 Pont-R\u00e9an<\/strong>, destin\u00e9 aux jeunes v\u00e9t\u00e9tistes de <strong>12 \u00e0 17 ans<\/strong> souhaitant progresser et partager leur passion dans un cadre s\u00e9curis\u00e9 et convivial.<\/p>\n<p><strong>Antoine Douard<\/strong> sera pr\u00e9sent pour encadrer et accompagner les jeunes tout au long de ces trois jours, avec l&rsquo;appui d&rsquo;autres encadrants exp\u00e9riment\u00e9s \u00e9galement, afin de garantir un apprentissage de qualit\u00e9 en toute s\u00e9curit\u00e9.<\/p>\n<p>Ce stage repr\u00e9sente une belle opportunit\u00e9 pour les jeunes de perfectionner leur technique, d\u00e9couvrir de nouveaux parcours et vivre une exp\u00e9rience enrichissante aux c\u00f4t\u00e9s d\u2019autres jeunes passionn\u00e9s.<\/p>\n<p>Une <strong>participation de 10\u20ac par jeune<\/strong> est demand\u00e9e pour l\u2019ensemble du stage.<\/p>\n<p>Si vous souhaitez inscrire votre enfant ou obtenir plus d\u2019informations, n\u2019h\u00e9sitez pas \u00e0 contacter <strong>Antoine Douard au 06 25 63 54 22<\/strong>.<\/p>\n<p>Au plaisir de partager ces 3 jours enrichissants avec vos jeunes v\u00e9t\u00e9tistes.<\/p>\n<p><a href=\"https:\/\/www.ffct-codep35.org\/wp-content\/uploads\/2025\/02\/Stage-VTT-CODEP-35.png\"><img decoding=\"async\" class=\"aligncenter size-large wp-image-6235\" src=\"https:\/\/www.ffct-codep35.org\/wp-content\/uploads\/2025\/02\/Stage-VTT-CODEP-35-724x1024.png\" alt=\"\" width=\"500\" srcset=\"https:\/\/www.ffct-codep35.org\/wp-content\/uploads\/2025\/02\/Stage-VTT-CODEP-35-724x1024.png 724w, https:\/\/www.ffct-codep35.org\/wp-content\/uploads\/2025\/02\/Stage-VTT-CODEP-35-212x300.png 212w, https:\/\/www.ffct-codep35.org\/wp-content\/uploads\/2025\/02\/Stage-VTT-CODEP-35-768x1086.png 768w, https:\/\/www.ffct-codep35.org\/wp-content\/uploads\/2025\/02\/Stage-VTT-CODEP-35-1086x1536.png 1086w, https:\/\/www.ffct-codep35.org\/wp-content\/uploads\/2025\/02\/Stage-VTT-CODEP-35.png 1414w\" sizes=\"(max-width: 724px) 100vw, 724px\" \/><\/a><\/p>\n","protected":false},"excerpt":{"rendered":"<p>La F\u00e9d\u00e9ration Fran\u00e7aise de V\u00e9lo organise un stage VTT du 18 au 20 f\u00e9vrier \u00e0 Pont-R\u00e9an, destin\u00e9 aux jeunes v\u00e9t\u00e9tistes de 12 \u00e0 17 ans souhaitant progresser et partager leur passion dans un cadre s\u00e9curis\u00e9 et convivial. Antoine Douard sera pr\u00e9sent pour encadrer et accompagner les jeunes tout au long de ces trois jours, avec &hellip; <\/p>\n<p><a class=\"more-link block-button\" href=\"https:\/\/www.ffct-codep35.org\/?p=6234\">Continue reading &raquo;<\/a><\/p>\n","protected":false},"author":1,"featured_media":0,"comment_status":"closed","ping_status":"closed","sticky":false,"template":"","format":"standard","meta":{"ngg_post_thumbnail":0,"footnotes":""},"categories":[32],"tags":[],"class_list":["post-6234","post","type-post","status-publish","format-standard","hentry","category-vtt"],"_links":{"self":[{"href":"https:\/\/www.ffct-codep35.org\/index.php?rest_route=\/wp\/v2\/posts\/6234","targetHints":{"allow":["GET"]}}],"collection":[{"href":"https:\/\/www.ffct-codep35.org\/index.php?rest_route=\/wp\/v2\/posts"}],"about":[{"href":"https:\/\/www.ffct-codep35.org\/index.php?rest_route=\/wp\/v2\/types\/post"}],"author":[{"embeddable":true,"href":"https:\/\/www.ffct-codep35.org\/index.php?rest_route=\/wp\/v2\/users\/1"}],"replies":[{"embeddable":true,"href":"https:\/\/www.ffct-codep35.org\/index.php?rest_route=%2Fwp%2Fv2%2Fcomments&post=6234"}],"version-history":[{"count":3,"href":"https:\/\/www.ffct-codep35.org\/index.php?rest_route=\/wp\/v2\/posts\/6234\/revisions"}],"predecessor-version":[{"id":6269,"href":"https:\/\/www.ffct-codep35.org\/index.php?rest_route=\/wp\/v2\/posts\/6234\/revisions\/6269"}],"wp:attachment":[{"href":"https:\/\/www.ffct-codep35.org\/index.php?rest_route=%2Fwp%2Fv2%2Fmedia&parent=6234"}],"wp:term":[{"taxonomy":"category","embeddable":true,"href":"https:\/\/www.ffct-codep35.org\/index.php?rest_route=%2Fwp%2Fv2%2Fcategories&post=6234"},{"taxonomy":"post_tag","embeddable":true,"href":"https:\/\/www.ffct-codep35.org\/index.php?rest_route=%2Fwp%2Fv2%2Ftags&post=6234"}],"curies":[{"name":"wp","href":"https:\/\/api.w.org\/{rel}","templated":true}]}}