{"id":6227,"date":"2025-02-06T10:17:53","date_gmt":"2025-02-06T09:17:53","guid":{"rendered":"https:\/\/www.ffct-codep35.org\/?p=6227"},"modified":"2025-09-11T08:13:24","modified_gmt":"2025-09-11T07:13:24","slug":"6227","status":"publish","type":"post","link":"https:\/\/www.ffct-codep35.org\/?p=6227","title":{"rendered":"Cin\u00e9-rencontre \u00ab\u00a0L&rsquo;oeil du cyclo : l&rsquo;Europe \u00e0 v\u00e9lo\u00a0\u00bb"},"content":{"rendered":"<p>La m\u00e9diath\u00e8que d&rsquo;Iffendic propose le <strong>mardi 1er avril<\/strong> la projection du film documentaire r\u00e9alis\u00e9 par Brewenn Helary <strong>\u00ab L&rsquo;oeil du cyclo : l&rsquo;Europe \u00e0 v\u00e9lo \u00bb<\/strong>.<br \/>\nLa projection sera suivie d&rsquo;une rencontre avec le r\u00e9alisateur.<\/p>\n<p>Plus d&rsquo;information en contactant la responsable de la m\u00e9diath\u00e8que :<br \/>\nRoselyne RYCHEMBUSCH<br \/>\nM\u00e9diath\u00e8que La Mosa\u00efque des Mots<br \/>\n1 place des Marronniers<br \/>\n35750 IFFENDIC<br \/>\n02 99 09 76 75<br \/>\n<a href=\"mailto:roselyne.rychembusch@iffendic.bzh\"><span style=\"color: #ff0000;\"><strong>roselyne.rychembusch@iffendic.bzh<\/strong><\/span><\/a><\/p>\n<p><a href=\"https:\/\/www.ffct-codep35.org\/wp-content\/uploads\/2025\/02\/Cine-rencontre-Loeil-du-cyclo.jpg\"><img decoding=\"async\" class=\"size-large wp-image-6228 aligncenter\" src=\"https:\/\/www.ffct-codep35.org\/wp-content\/uploads\/2025\/02\/Cine-rencontre-Loeil-du-cyclo-724x1024.jpg\" alt=\"\" width=\"500\" srcset=\"https:\/\/www.ffct-codep35.org\/wp-content\/uploads\/2025\/02\/Cine-rencontre-Loeil-du-cyclo-724x1024.jpg 724w, https:\/\/www.ffct-codep35.org\/wp-content\/uploads\/2025\/02\/Cine-rencontre-Loeil-du-cyclo-212x300.jpg 212w, https:\/\/www.ffct-codep35.org\/wp-content\/uploads\/2025\/02\/Cine-rencontre-Loeil-du-cyclo-768x1086.jpg 768w, https:\/\/www.ffct-codep35.org\/wp-content\/uploads\/2025\/02\/Cine-rencontre-Loeil-du-cyclo-1086x1536.jpg 1086w, https:\/\/www.ffct-codep35.org\/wp-content\/uploads\/2025\/02\/Cine-rencontre-Loeil-du-cyclo-1448x2048.jpg 1448w, https:\/\/www.ffct-codep35.org\/wp-content\/uploads\/2025\/02\/Cine-rencontre-Loeil-du-cyclo.jpg 1587w\" sizes=\"(max-width: 724px) 100vw, 724px\" \/><\/a><\/p>\n","protected":false},"excerpt":{"rendered":"<p>La m\u00e9diath\u00e8que d&rsquo;Iffendic propose le mardi 1er avril la projection du film documentaire r\u00e9alis\u00e9 par Brewenn Helary \u00ab L&rsquo;oeil du cyclo : l&rsquo;Europe \u00e0 v\u00e9lo \u00bb. La projection sera suivie d&rsquo;une rencontre avec le r\u00e9alisateur. Plus d&rsquo;information en contactant la responsable de la m\u00e9diath\u00e8que : Roselyne RYCHEMBUSCH M\u00e9diath\u00e8que La Mosa\u00efque des Mots 1 place des &hellip; <\/p>\n<p><a class=\"more-link block-button\" href=\"https:\/\/www.ffct-codep35.org\/?p=6227\">Continue reading &raquo;<\/a><\/p>\n","protected":false},"author":1,"featured_media":0,"comment_status":"closed","ping_status":"closed","sticky":false,"template":"","format":"standard","meta":{"ngg_post_thumbnail":0,"footnotes":""},"categories":[31],"tags":[],"class_list":["post-6227","post","type-post","status-publish","format-standard","hentry","category-ffvelo"],"_links":{"self":[{"href":"https:\/\/www.ffct-codep35.org\/index.php?rest_route=\/wp\/v2\/posts\/6227","targetHints":{"allow":["GET"]}}],"collection":[{"href":"https:\/\/www.ffct-codep35.org\/index.php?rest_route=\/wp\/v2\/posts"}],"about":[{"href":"https:\/\/www.ffct-codep35.org\/index.php?rest_route=\/wp\/v2\/types\/post"}],"author":[{"embeddable":true,"href":"https:\/\/www.ffct-codep35.org\/index.php?rest_route=\/wp\/v2\/users\/1"}],"replies":[{"embeddable":true,"href":"https:\/\/www.ffct-codep35.org\/index.php?rest_route=%2Fwp%2Fv2%2Fcomments&post=6227"}],"version-history":[{"count":4,"href":"https:\/\/www.ffct-codep35.org\/index.php?rest_route=\/wp\/v2\/posts\/6227\/revisions"}],"predecessor-version":[{"id":6301,"href":"https:\/\/www.ffct-codep35.org\/index.php?rest_route=\/wp\/v2\/posts\/6227\/revisions\/6301"}],"wp:attachment":[{"href":"https:\/\/www.ffct-codep35.org\/index.php?rest_route=%2Fwp%2Fv2%2Fmedia&parent=6227"}],"wp:term":[{"taxonomy":"category","embeddable":true,"href":"https:\/\/www.ffct-codep35.org\/index.php?rest_route=%2Fwp%2Fv2%2Fcategories&post=6227"},{"taxonomy":"post_tag","embeddable":true,"href":"https:\/\/www.ffct-codep35.org\/index.php?rest_route=%2Fwp%2Fv2%2Ftags&post=6227"}],"curies":[{"name":"wp","href":"https:\/\/api.w.org\/{rel}","templated":true}]}}