{"id":6195,"date":"2025-01-25T18:50:08","date_gmt":"2025-01-25T17:50:08","guid":{"rendered":"https:\/\/www.ffct-codep35.org\/?p=6195"},"modified":"2025-01-30T17:12:58","modified_gmt":"2025-01-30T16:12:58","slug":"les-jeunes-du-comite","status":"publish","type":"post","link":"https:\/\/www.ffct-codep35.org\/?p=6195","title":{"rendered":"Les jeunes du comit\u00e9"},"content":{"rendered":"<h1>Les champions Bretons des \u00e9coles fran\u00e7aises de v\u00e9lo !<br \/>\n<a href=\"https:\/\/www.ffct-codep35.org\/wp-content\/uploads\/2025\/01\/Les-champions-Bretons-des-ecoles-francaises-de-velo.jpg\"><img loading=\"lazy\" decoding=\"async\" class=\"alignnone wp-image-6196 size-large\" src=\"https:\/\/www.ffct-codep35.org\/wp-content\/uploads\/2025\/01\/Les-champions-Bretons-des-ecoles-francaises-de-velo-1024x448.jpg\" alt=\"\" width=\"746\" height=\"326\" srcset=\"https:\/\/www.ffct-codep35.org\/wp-content\/uploads\/2025\/01\/Les-champions-Bretons-des-ecoles-francaises-de-velo-1024x448.jpg 1024w, https:\/\/www.ffct-codep35.org\/wp-content\/uploads\/2025\/01\/Les-champions-Bretons-des-ecoles-francaises-de-velo-300x131.jpg 300w, https:\/\/www.ffct-codep35.org\/wp-content\/uploads\/2025\/01\/Les-champions-Bretons-des-ecoles-francaises-de-velo-768x336.jpg 768w, https:\/\/www.ffct-codep35.org\/wp-content\/uploads\/2025\/01\/Les-champions-Bretons-des-ecoles-francaises-de-velo-1536x672.jpg 1536w, https:\/\/www.ffct-codep35.org\/wp-content\/uploads\/2025\/01\/Les-champions-Bretons-des-ecoles-francaises-de-velo.jpg 1600w\" sizes=\"auto, (max-width: 746px) 100vw, 746px\" \/><\/a><\/h1>\n<p>Nos champions r\u00e9gionaux et nationaux des \u00e9coles fran\u00e7aises de v\u00e9lo Bretonnes avec leur responsable r\u00e9gional Eric DURIEZ.<\/p>\n<p>Distinction particuli\u00e8re pour nos champions du d\u00e9partement : <strong>Ma\u00ebl SENNEQUIER<\/strong> du club VTT VALL\u00c9E du BO\u00cbL et <strong>Milo PAJOT<\/strong> du club VTT BAIN-DE-BRETAGNE, <strong>CHAMPIONS de FRANCE<\/strong>, cat\u00e9gorie Minimes !<br \/>\n<img decoding=\"async\" style=\"border: none; vertical-align: top;\" src=\"https:\/\/www.ffct-codep35.org\/wp-content\/uploads\/2025\/01\/logo-VTT-Vallee-du-Boel.jpg\" width=\"150\"> <img decoding=\"async\" style=\"border: none;\" src=\"https:\/\/www.ffct-codep35.org\/wp-content\/uploads\/2025\/01\/logo-ACBB35.png\" width=\"189\"><\/p>\n<p>Retrouvez tous les d\u00e9tails de cet \u00e9v\u00e9nement sur <a href=\"https:\/\/cyclotourisme-mag.com\/actus\/les-jeunes-cyclotouristes-bretons-a-lhonneur\/\" target=\"_blank\" rel=\"noopener\"><strong>l&rsquo;article publi\u00e9 par la revue Cyclomag<\/strong><\/a>.<\/p>\n","protected":false},"excerpt":{"rendered":"<p>Les champions Bretons des \u00e9coles fran\u00e7aises de v\u00e9lo ! Nos champions r\u00e9gionaux et nationaux des \u00e9coles fran\u00e7aises de v\u00e9lo Bretonnes avec leur responsable r\u00e9gional Eric DURIEZ. Distinction particuli\u00e8re pour nos champions du d\u00e9partement : Ma\u00ebl SENNEQUIER du club VTT VALL\u00c9E du BO\u00cbL et Milo PAJOT du club VTT BAIN-DE-BRETAGNE, CHAMPIONS de FRANCE, cat\u00e9gorie Minimes ! &hellip; <\/p>\n<p><a class=\"more-link block-button\" href=\"https:\/\/www.ffct-codep35.org\/?p=6195\">Continue reading &raquo;<\/a><\/p>\n","protected":false},"author":1,"featured_media":0,"comment_status":"closed","ping_status":"closed","sticky":false,"template":"","format":"standard","meta":{"ngg_post_thumbnail":0,"footnotes":""},"categories":[1],"tags":[25],"class_list":["post-6195","post","type-post","status-publish","format-standard","hentry","category-1","tag-jeunes"],"_links":{"self":[{"href":"https:\/\/www.ffct-codep35.org\/index.php?rest_route=\/wp\/v2\/posts\/6195","targetHints":{"allow":["GET"]}}],"collection":[{"href":"https:\/\/www.ffct-codep35.org\/index.php?rest_route=\/wp\/v2\/posts"}],"about":[{"href":"https:\/\/www.ffct-codep35.org\/index.php?rest_route=\/wp\/v2\/types\/post"}],"author":[{"embeddable":true,"href":"https:\/\/www.ffct-codep35.org\/index.php?rest_route=\/wp\/v2\/users\/1"}],"replies":[{"embeddable":true,"href":"https:\/\/www.ffct-codep35.org\/index.php?rest_route=%2Fwp%2Fv2%2Fcomments&post=6195"}],"version-history":[{"count":3,"href":"https:\/\/www.ffct-codep35.org\/index.php?rest_route=\/wp\/v2\/posts\/6195\/revisions"}],"predecessor-version":[{"id":6225,"href":"https:\/\/www.ffct-codep35.org\/index.php?rest_route=\/wp\/v2\/posts\/6195\/revisions\/6225"}],"wp:attachment":[{"href":"https:\/\/www.ffct-codep35.org\/index.php?rest_route=%2Fwp%2Fv2%2Fmedia&parent=6195"}],"wp:term":[{"taxonomy":"category","embeddable":true,"href":"https:\/\/www.ffct-codep35.org\/index.php?rest_route=%2Fwp%2Fv2%2Fcategories&post=6195"},{"taxonomy":"post_tag","embeddable":true,"href":"https:\/\/www.ffct-codep35.org\/index.php?rest_route=%2Fwp%2Fv2%2Ftags&post=6195"}],"curies":[{"name":"wp","href":"https:\/\/api.w.org\/{rel}","templated":true}]}}