{"id":5718,"date":"2023-12-23T10:29:38","date_gmt":"2023-12-23T09:29:38","guid":{"rendered":"https:\/\/www.ffct-codep35.org\/?p=5718"},"modified":"2023-12-23T10:30:37","modified_gmt":"2023-12-23T09:30:37","slug":"ag-codep-du-16-decembre-2023","status":"publish","type":"post","link":"https:\/\/www.ffct-codep35.org\/?p=5718","title":{"rendered":"AG CoDep du 16 d\u00e9cembre 2023"},"content":{"rendered":"<p>&nbsp;<\/p>\n<p class=\"ox-ce5666fa87-MsoNormal\" style=\"text-align: left;\">&nbsp; <a href=\"https:\/\/www.ffct-codep35.org\/wp-content\/uploads\/2023\/12\/IMG-20231216-WA0008.jpg\" target=\"_blank\" rel=\"noopener\"><img loading=\"lazy\" decoding=\"async\" class=\"alignleft wp-image-5719\" src=\"https:\/\/www.ffct-codep35.org\/wp-content\/uploads\/2023\/12\/IMG-20231216-WA0008-1024x576.jpg\" alt=\"\" width=\"425\" height=\"239\" srcset=\"https:\/\/www.ffct-codep35.org\/wp-content\/uploads\/2023\/12\/IMG-20231216-WA0008-1024x576.jpg 1024w, https:\/\/www.ffct-codep35.org\/wp-content\/uploads\/2023\/12\/IMG-20231216-WA0008-300x169.jpg 300w, https:\/\/www.ffct-codep35.org\/wp-content\/uploads\/2023\/12\/IMG-20231216-WA0008-768x432.jpg 768w, https:\/\/www.ffct-codep35.org\/wp-content\/uploads\/2023\/12\/IMG-20231216-WA0008-1536x864.jpg 1536w, https:\/\/www.ffct-codep35.org\/wp-content\/uploads\/2023\/12\/IMG-20231216-WA0008.jpg 1600w\" sizes=\"auto, (max-width: 425px) 100vw, 425px\" \/><\/a>&nbsp;A l\u2019occasion de l\u2019Assembl\u00e9e G\u00e9n\u00e9rale de CODEP 35 de Cyclotourisme, nous avons \u00e9t\u00e9 heureux de mettre \u00e0 l\u2019honneur diff\u00e9rentes personnalit\u00e9s actives dans l\u2019animation du D\u00e9partement, tant au niveau de leur club respectif qu\u2019au niveau de la FORMATION et l\u2019encadrement des JEUNES :<\/p>\n<ul>\n<li><b>S\u00e9bastien JOLIVEL<\/b>, Pr\u00e9sident du Club de l\u2019A.C.BAIN de BRETAGNE &nbsp;avec le Dipl\u00f4me de <b>Reconnaissance F\u00e9d\u00e9rale<\/b><\/li>\n<li><b>Dominique MORIN<\/b>, Vice-Pr\u00e9sident, d\u00e9l\u00e9gu\u00e9 \u00e0 la Formation, du CODEP 35 ET Secr\u00e9taire du Club de l\u2019A.S. ROMILLE CYCLO et VTT avec la&nbsp;<b>M\u00e9daille F\u00e9d\u00e9rale d\u2019ARGENT<\/b><\/li>\n<\/ul>\n<p>&nbsp;<\/p>\n<p>Le r\u00e9sultat de cet engagement, c\u2019est \u00e9galement la mise \u00e0 l\u2019honneur de nos Jeunes bretilliens (voir photo)<\/p>\n<p><span style=\"text-decoration: underline;\"><strong>AC BAIN de BRETAGNE<\/strong><\/span><\/p>\n<ul>\n<li><strong>Baptiste LEFEUVRE<\/strong> &#8211; Champion D\u00e9partemental &#8211; Cadet<\/li>\n<li><strong>Lucas Martin<\/strong> &#8211; Champion D\u00e9partemental &#8211; Benjamin<\/li>\n<li><strong>Milo PAJOT<\/strong> &#8211; Champion R\u00e9gional &#8211; Benjamin<\/li>\n<\/ul>\n<p><span style=\"text-decoration: underline;\"><strong>VTT CLUB VALLE du BO\u00cbL<\/strong><\/span><\/p>\n<ul>\n<li><strong>Ma\u00ebl SENNEQUIER<\/strong> &#8211; Champion D\u00e9partemental et R\u00e9gional &#8211; Minime<\/li>\n<li><strong>Martin GOBRON<\/strong> &#8211; Champion D\u00e9partemental &#8211; Junior<\/li>\n<\/ul>\n<p>&nbsp;<\/p>\n<p>&nbsp;<\/p>\n","protected":false},"excerpt":{"rendered":"<p>&nbsp; &nbsp; &nbsp;A l\u2019occasion de l\u2019Assembl\u00e9e G\u00e9n\u00e9rale de CODEP 35 de Cyclotourisme, nous avons \u00e9t\u00e9 heureux de mettre \u00e0 l\u2019honneur diff\u00e9rentes personnalit\u00e9s actives dans l\u2019animation du D\u00e9partement, tant au niveau de leur club respectif qu\u2019au niveau de la FORMATION et l\u2019encadrement des JEUNES : S\u00e9bastien JOLIVEL, Pr\u00e9sident du Club de l\u2019A.C.BAIN de BRETAGNE &nbsp;avec le &hellip; <\/p>\n<p><a class=\"more-link block-button\" href=\"https:\/\/www.ffct-codep35.org\/?p=5718\">Continue reading &raquo;<\/a><\/p>\n","protected":false},"author":1,"featured_media":0,"comment_status":"closed","ping_status":"closed","sticky":false,"template":"","format":"standard","meta":{"ngg_post_thumbnail":0,"footnotes":""},"categories":[1],"tags":[],"class_list":["post-5718","post","type-post","status-publish","format-standard","hentry","category-1"],"_links":{"self":[{"href":"https:\/\/www.ffct-codep35.org\/index.php?rest_route=\/wp\/v2\/posts\/5718","targetHints":{"allow":["GET"]}}],"collection":[{"href":"https:\/\/www.ffct-codep35.org\/index.php?rest_route=\/wp\/v2\/posts"}],"about":[{"href":"https:\/\/www.ffct-codep35.org\/index.php?rest_route=\/wp\/v2\/types\/post"}],"author":[{"embeddable":true,"href":"https:\/\/www.ffct-codep35.org\/index.php?rest_route=\/wp\/v2\/users\/1"}],"replies":[{"embeddable":true,"href":"https:\/\/www.ffct-codep35.org\/index.php?rest_route=%2Fwp%2Fv2%2Fcomments&post=5718"}],"version-history":[{"count":3,"href":"https:\/\/www.ffct-codep35.org\/index.php?rest_route=\/wp\/v2\/posts\/5718\/revisions"}],"predecessor-version":[{"id":5729,"href":"https:\/\/www.ffct-codep35.org\/index.php?rest_route=\/wp\/v2\/posts\/5718\/revisions\/5729"}],"wp:attachment":[{"href":"https:\/\/www.ffct-codep35.org\/index.php?rest_route=%2Fwp%2Fv2%2Fmedia&parent=5718"}],"wp:term":[{"taxonomy":"category","embeddable":true,"href":"https:\/\/www.ffct-codep35.org\/index.php?rest_route=%2Fwp%2Fv2%2Fcategories&post=5718"},{"taxonomy":"post_tag","embeddable":true,"href":"https:\/\/www.ffct-codep35.org\/index.php?rest_route=%2Fwp%2Fv2%2Ftags&post=5718"}],"curies":[{"name":"wp","href":"https:\/\/api.w.org\/{rel}","templated":true}]}}