{"id":5651,"date":"2023-11-13T16:18:11","date_gmt":"2023-11-13T15:18:11","guid":{"rendered":"https:\/\/www.ffct-codep35.org\/?p=5651"},"modified":"2023-11-13T16:30:44","modified_gmt":"2023-11-13T15:30:44","slug":"semaine-europeenne-de-cyclotourisme-du-29-juin-au-6-juillet-2024-au-portugal","status":"publish","type":"post","link":"https:\/\/www.ffct-codep35.org\/?p=5651","title":{"rendered":"Semaine Europ\u00e9enne de Cyclotourisme du 29 juin au 6 juillet 2024 au Portugal"},"content":{"rendered":"<h5><a href=\"https:\/\/uect.org\/fr\/\" target=\"_blank\" rel=\"noopener\"><img loading=\"lazy\" decoding=\"async\" class=\"alignleft wp-image-5656\" src=\"https:\/\/www.ffct-codep35.org\/wp-content\/uploads\/2023\/11\/Semaine-europeenne.jpg\" alt=\"\" width=\"194\" height=\"271\" srcset=\"https:\/\/www.ffct-codep35.org\/wp-content\/uploads\/2023\/11\/Semaine-europeenne.jpg 616w, https:\/\/www.ffct-codep35.org\/wp-content\/uploads\/2023\/11\/Semaine-europeenne-215x300.jpg 215w\" sizes=\"auto, (max-width: 194px) 100vw, 194px\" \/><\/a><\/h5>\n<h5>Du 29 juin au 6 juillet 2024, lors de la 18<sup>\u00e8me<\/sup>&nbsp;Semaine Europ\u00e9enne de l\u2019UECT, les cyclotouristes de toute l\u2019Europe seront accueillis&nbsp;\u00e0&nbsp;<a tabindex=\"9999\" href=\"https:\/\/www.spain.info\/fr\/destination\/plasencia\/\" target=\"_blank\" rel=\"noopener\">Vila Pouca de Aguiar (Portugal) ville de 13 000 habitants, situ\u00e9e \u00e0 771 m\u00e8tres d\u2019altitude sur la sur la mythique N 2 \u00e0 120 km au Nord-Est de Porto<\/a> et \u00e0 30 km au Nord de Vila R\u00e9al. La fronti\u00e8re espagnole n&rsquo;est distante que de 50 km et Saint Jacques de Compostelle de 230 km.<\/h5>\n<h5>Vous trouverez d\u00e8s maintenant des informations g\u00e9n\u00e9rales et pratiques dans la rubrique&nbsp;<b>Semaines Europ\u00e9ennes \u2013 Vila Pouca de Aguiar&nbsp;<\/b>sur le site&nbsp;<strong><span style=\"color: #0000ff;\"><a style=\"color: #0000ff;\" tabindex=\"9999\" href=\"http:\/\/www.uect.org\/\" target=\"_blank\" rel=\"noopener\">www.uect.org<\/a><\/span><\/strong><span class=\"ox-25ec21b9c8-MsoHyperlink\"><b>&nbsp;<\/b><\/span><span class=\"ox-25ec21b9c8-MsoHyperlink\">ainsi que<b>&nbsp;<\/b><\/span><b>le bulletin d\u2019inscription \u00e9lectronique<\/b>&nbsp;sur le m\u00eame site.<\/h5>\n","protected":false},"excerpt":{"rendered":"<p>Du 29 juin au 6 juillet 2024, lors de la 18\u00e8me&nbsp;Semaine Europ\u00e9enne de l\u2019UECT, les cyclotouristes de toute l\u2019Europe seront accueillis&nbsp;\u00e0&nbsp;Vila Pouca de Aguiar (Portugal) ville de 13 000 habitants, situ\u00e9e \u00e0 771 m\u00e8tres d\u2019altitude sur la sur la mythique N 2 \u00e0 120 km au Nord-Est de Porto et \u00e0 30 km au Nord &hellip; <\/p>\n<p><a class=\"more-link block-button\" href=\"https:\/\/www.ffct-codep35.org\/?p=5651\">Continue reading &raquo;<\/a><\/p>\n","protected":false},"author":1,"featured_media":0,"comment_status":"closed","ping_status":"closed","sticky":false,"template":"","format":"standard","meta":{"ngg_post_thumbnail":0,"footnotes":""},"categories":[1],"tags":[],"class_list":["post-5651","post","type-post","status-publish","format-standard","hentry","category-1"],"_links":{"self":[{"href":"https:\/\/www.ffct-codep35.org\/index.php?rest_route=\/wp\/v2\/posts\/5651","targetHints":{"allow":["GET"]}}],"collection":[{"href":"https:\/\/www.ffct-codep35.org\/index.php?rest_route=\/wp\/v2\/posts"}],"about":[{"href":"https:\/\/www.ffct-codep35.org\/index.php?rest_route=\/wp\/v2\/types\/post"}],"author":[{"embeddable":true,"href":"https:\/\/www.ffct-codep35.org\/index.php?rest_route=\/wp\/v2\/users\/1"}],"replies":[{"embeddable":true,"href":"https:\/\/www.ffct-codep35.org\/index.php?rest_route=%2Fwp%2Fv2%2Fcomments&post=5651"}],"version-history":[{"count":3,"href":"https:\/\/www.ffct-codep35.org\/index.php?rest_route=\/wp\/v2\/posts\/5651\/revisions"}],"predecessor-version":[{"id":5655,"href":"https:\/\/www.ffct-codep35.org\/index.php?rest_route=\/wp\/v2\/posts\/5651\/revisions\/5655"}],"wp:attachment":[{"href":"https:\/\/www.ffct-codep35.org\/index.php?rest_route=%2Fwp%2Fv2%2Fmedia&parent=5651"}],"wp:term":[{"taxonomy":"category","embeddable":true,"href":"https:\/\/www.ffct-codep35.org\/index.php?rest_route=%2Fwp%2Fv2%2Fcategories&post=5651"},{"taxonomy":"post_tag","embeddable":true,"href":"https:\/\/www.ffct-codep35.org\/index.php?rest_route=%2Fwp%2Fv2%2Ftags&post=5651"}],"curies":[{"name":"wp","href":"https:\/\/api.w.org\/{rel}","templated":true}]}}