{"id":4060,"date":"2019-07-08T17:48:37","date_gmt":"2019-07-08T16:48:37","guid":{"rendered":"http:\/\/www.ffct-codep35.org\/?p=4060"},"modified":"2019-07-08T17:48:37","modified_gmt":"2019-07-08T16:48:37","slug":"4060","status":"publish","type":"post","link":"https:\/\/www.ffct-codep35.org\/?p=4060","title":{"rendered":""},"content":{"rendered":"<h2 style=\"text-align: center;\">F\u00eate du v\u00e9lo \u00e0 Dol-de-Bretagne le 8 juin<\/h2>\n<h5>La ville de Dol-de-Bretagne a renouvel\u00e9 son label Territoire V\u00e9lo en signant une nouvelle convention avec la F\u00e9d\u00e9ration Fran\u00e7aise de cyclotourisme repr\u00e9sent\u00e9e par Claude Robillard.<\/h5>\n<h5><a href=\"https:\/\/www.ffct-codep35.org\/wp-content\/uploads\/2019\/07\/Dol.jpg\"><img loading=\"lazy\" decoding=\"async\" class=\"size-full wp-image-4061 aligncenter\" src=\"https:\/\/www.ffct-codep35.org\/wp-content\/uploads\/2019\/07\/Dol.jpg\" alt=\"\" width=\"800\" height=\"450\" srcset=\"https:\/\/www.ffct-codep35.org\/wp-content\/uploads\/2019\/07\/Dol.jpg 800w, https:\/\/www.ffct-codep35.org\/wp-content\/uploads\/2019\/07\/Dol-300x169.jpg 300w, https:\/\/www.ffct-codep35.org\/wp-content\/uploads\/2019\/07\/Dol-768x432.jpg 768w\" sizes=\"auto, (max-width: 800px) 100vw, 800px\" \/><\/a><\/h5>\n<h5>Le Comit\u00e9 D\u00e9partemental a profit\u00e9 de cette signature, dans le cadre de la F\u00eate du v\u00e9lo, pour mener quelques actions, en partenariat avec la mairie et l\u2019office de tourisme de Dol. Un parcours de maniabilit\u00e9 et d\u2019adresse \u00e9tait propos\u00e9 le matin aux jeunes. L\u2019apr\u00e8s-midi un parcours \u00ab&nbsp;accompagn\u00e9&nbsp;\u00bb reliait Dol-de-Bretagne \u00e0 Cherrueix, sur le nouveau circuit des P\u00e9cheurs, inaugur\u00e9 la veille. Le retour empruntait le circuit \u00ab&nbsp;v\u00e9lo promenade&nbsp;\u00bb Le-Vivier-sur-mer Dol-de-Bretagne.<\/h5>\n<h5>Seulement une vingtaine de personnes ont particip\u00e9 \u00e0 ces manifestations propos\u00e9es par la commission Tourisme du CoDep.<\/h5>\n","protected":false},"excerpt":{"rendered":"<p>F\u00eate du v\u00e9lo \u00e0 Dol-de-Bretagne le 8 juin La ville de Dol-de-Bretagne a renouvel\u00e9 son label Territoire V\u00e9lo en signant une nouvelle convention avec la F\u00e9d\u00e9ration Fran\u00e7aise de cyclotourisme repr\u00e9sent\u00e9e par Claude Robillard. Le Comit\u00e9 D\u00e9partemental a profit\u00e9 de cette signature, dans le cadre de la F\u00eate du v\u00e9lo, pour mener quelques actions, en partenariat &hellip; <\/p>\n<p><a class=\"more-link block-button\" href=\"https:\/\/www.ffct-codep35.org\/?p=4060\">Continue reading &raquo;<\/a><\/p>\n","protected":false},"author":1,"featured_media":0,"comment_status":"open","ping_status":"open","sticky":false,"template":"","format":"standard","meta":{"ngg_post_thumbnail":0,"footnotes":""},"categories":[1],"tags":[],"class_list":["post-4060","post","type-post","status-publish","format-standard","hentry","category-1"],"_links":{"self":[{"href":"https:\/\/www.ffct-codep35.org\/index.php?rest_route=\/wp\/v2\/posts\/4060","targetHints":{"allow":["GET"]}}],"collection":[{"href":"https:\/\/www.ffct-codep35.org\/index.php?rest_route=\/wp\/v2\/posts"}],"about":[{"href":"https:\/\/www.ffct-codep35.org\/index.php?rest_route=\/wp\/v2\/types\/post"}],"author":[{"embeddable":true,"href":"https:\/\/www.ffct-codep35.org\/index.php?rest_route=\/wp\/v2\/users\/1"}],"replies":[{"embeddable":true,"href":"https:\/\/www.ffct-codep35.org\/index.php?rest_route=%2Fwp%2Fv2%2Fcomments&post=4060"}],"version-history":[{"count":2,"href":"https:\/\/www.ffct-codep35.org\/index.php?rest_route=\/wp\/v2\/posts\/4060\/revisions"}],"predecessor-version":[{"id":6084,"href":"https:\/\/www.ffct-codep35.org\/index.php?rest_route=\/wp\/v2\/posts\/4060\/revisions\/6084"}],"wp:attachment":[{"href":"https:\/\/www.ffct-codep35.org\/index.php?rest_route=%2Fwp%2Fv2%2Fmedia&parent=4060"}],"wp:term":[{"taxonomy":"category","embeddable":true,"href":"https:\/\/www.ffct-codep35.org\/index.php?rest_route=%2Fwp%2Fv2%2Fcategories&post=4060"},{"taxonomy":"post_tag","embeddable":true,"href":"https:\/\/www.ffct-codep35.org\/index.php?rest_route=%2Fwp%2Fv2%2Ftags&post=4060"}],"curies":[{"name":"wp","href":"https:\/\/api.w.org\/{rel}","templated":true}]}}